{"id":17516,"global_id":"mdw.ac.at\/altemusik?id=17516","global_id_lineage":["mdw.ac.at\/altemusik?id=17516"],"author":"21","status":"publish","date":"2025-10-15 20:21:21","date_utc":"2025-10-15 18:21:21","modified":"2025-11-04 15:51:39","modified_utc":"2025-11-04 14:51:39","url":"https:\/\/mdw.ac.at\/altemusik\/event\/konzert-j-j-fux-giunone-placata\/","rest_url":"https:\/\/mdw.ac.at\/altemusik\/wp-json\/tribe\/events\/v1\/events\/17516","title":"KONZERT | Giunone Placata","description":"<div>Johann Joseph Fux (ca. 1660\u20131741)<\/div>\n<h2><strong>Giunone placata<\/strong>, K 316<\/h2>\n<div>Festa Teatrale per Musica da Rappresentarsi nell\u2019Imperial Corte per Il Glorioso, e Felicissimo Nome della Sac: Ces: e Catt. Real Maest\u00e0 di Elisabetta Cristina Imperadrice Regnante per comando della Sac: Ces: e Catt. Real Maest\u00e0 di Carlo VI., Imperador de\u2019 Romani Sempre Augusto<\/div>\n<div><\/div>\n<div><\/div>\n<h3>Mitwirkende<\/h3>\n<div><strong>Rollen<\/strong><\/div>\n<div>Megumi Sakai, Giunone<\/div>\n<div>Honor Whitley, Giove<\/div>\n<div>Erica Alberini, Venere<\/div>\n<div>Daniel Menczigar, Mercurio<\/div>\n<div><\/div>\n<div>Johannes Czernin, Johannes Weiss, Chor-Tenor<\/div>\n<div><\/div>\n<div><strong>mdwBarockorchester<\/strong><\/div>\n<div>Elisabeth Baumer, Phyllis Breit, Oboe<\/div>\n<div>Franziska Hoffmann, Chalumeau<\/div>\n<div>Peter Chorkov, Fagott<\/div>\n<div>Eva Saladin (KM), Jennie-Marie Faderl, Rahel Neyer, Alma Hiptmair, Violine I<\/div>\n<div>Dominik Fischer (SF), Anna Pederielli, Flora List, Zhi Qiao , Violine II<\/div>\n<div>Viola Fricke (SF), Jiaqi Xu, Elisabeth Mair, Viola<\/div>\n<div>Lisa Braun, Rose Chaffey, Violoncello<\/div>\n<div>Kristof Balasz, Violone<\/div>\n<div>Xaver Eckert, Salterio<\/div>\n<div>Tzu-Yu Yang, Juliana Zhao, Rui Cai, Sarah Pilwax, Cembalo und Orgel<\/div>\n<div><\/div>\n<div>Musikalische Leitung: Magdalena Hasibeder &amp; Eva Saladin<\/div>\n<div><\/div>\n<div>Eintritt frei, Reservierung erforderlich <a href=\"https:\/\/www.oeaw.ac.at\/acdh\/detail\/news\/default-0e98d1cb9cbd23a422791098e3e42f8e\">unter diesem Link.<\/a><\/div>\n<div><\/div>\n<div><strong>Handlung<\/strong><br \/>\nAls Juno aus Emp\u00f6rung \u00fcber die Untreue von Jupiter sich von ihm trennte, w\u00e4hlte sie zu ihrem Wohnsitz die Stadt Stymphalis in Arkadien mit der festen Absicht, nicht mehr zu ihrem Ehemann zur\u00fcck zu kehren. Aus Hochachtung f\u00fcr diesen Entschluss lie\u00df Tem\u00e4us, bei dem sie aufgewachsen war und der ihr schon zwei Tempel hat errichten lassen, den einen geweiht dem \u201eM\u00e4dchen Juno\u201c, den anderen der \u201eGemahlin Juno\u201c, nun einen dritten f\u00fcr die \u201eWitwe Juno\u201c erbauen. Nachdem Jupiter mehrmals, aber immer vergeblich versucht hatte, sie von ihrem Vorhaben abzubringen, t\u00e4uschte er vor, sich nicht mehr darum zu k\u00fcmmern, und streute das Ger\u00fccht \u00fcber seine Eheschlie\u00dfung mit der Tochter von Asopus aus. Da Juno aber nicht mit ansehen wollte, dass eine andere ihre Stelle einnehme, kehrte sie bes\u00e4nftigt in den Himmel zu Jupiter zur\u00fcck. Auf diesen Berichten, die vorwiegend von Pausanias stammen, beruht die folgende Dichtung. (Alfred Noe)<\/div>","excerpt":"","slug":"konzert-j-j-fux-giunone-placata","image":{"url":"https:\/\/mdw.ac.at\/altemusik\/blog2\/wp-content\/uploads\/2025\/09\/ANDREA-SCHIAVONE_DER-PARNASS_CC-BY-SA_BSTGS_40-43.jpg","id":17136,"extension":"jpg","width":2171,"height":1628,"filesize":1249117,"sizes":{"medium":{"width":300,"height":225,"mime-type":"image\/jpeg","filesize":66536,"url":"https:\/\/mdw.ac.at\/altemusik\/blog2\/wp-content\/uploads\/2025\/09\/ANDREA-SCHIAVONE_DER-PARNASS_CC-BY-SA_BSTGS_40-43-300x225.jpg"},"large":{"width":1030,"height":772,"mime-type":"image\/jpeg","filesize":695610,"url":"https:\/\/mdw.ac.at\/altemusik\/blog2\/wp-content\/uploads\/2025\/09\/ANDREA-SCHIAVONE_DER-PARNASS_CC-BY-SA_BSTGS_40-43-1030x772.jpg"},"thumbnail":{"width":80,"height":80,"mime-type":"image\/jpeg","filesize":7240,"url":"https:\/\/mdw.ac.at\/altemusik\/blog2\/wp-content\/uploads\/2025\/09\/ANDREA-SCHIAVONE_DER-PARNASS_CC-BY-SA_BSTGS_40-43-80x80.jpg"},"medium_large":{"width":768,"height":576,"mime-type":"image\/jpeg","filesize":391744,"url":"https:\/\/mdw.ac.at\/altemusik\/blog2\/wp-content\/uploads\/2025\/09\/ANDREA-SCHIAVONE_DER-PARNASS_CC-BY-SA_BSTGS_40-43-768x576.jpg"},"1536x1536":{"width":1536,"height":1152,"mime-type":"image\/jpeg","filesize":1473411,"url":"https:\/\/mdw.ac.at\/altemusik\/blog2\/wp-content\/uploads\/2025\/09\/ANDREA-SCHIAVONE_DER-PARNASS_CC-BY-SA_BSTGS_40-43-1536x1152.jpg"},"2048x2048":{"width":2048,"height":1536,"mime-type":"image\/jpeg","filesize":2477350,"url":"https:\/\/mdw.ac.at\/altemusik\/blog2\/wp-content\/uploads\/2025\/09\/ANDREA-SCHIAVONE_DER-PARNASS_CC-BY-SA_BSTGS_40-43-2048x1536.jpg"},"widget":{"width":36,"height":36,"mime-type":"image\/jpeg","filesize":2272,"url":"https:\/\/mdw.ac.at\/altemusik\/blog2\/wp-content\/uploads\/2025\/09\/ANDREA-SCHIAVONE_DER-PARNASS_CC-BY-SA_BSTGS_40-43-36x36.jpg"},"square":{"width":180,"height":180,"mime-type":"image\/jpeg","filesize":34251,"url":"https:\/\/mdw.ac.at\/altemusik\/blog2\/wp-content\/uploads\/2025\/09\/ANDREA-SCHIAVONE_DER-PARNASS_CC-BY-SA_BSTGS_40-43-180x180.jpg"},"featured":{"width":1500,"height":430,"mime-type":"image\/jpeg","filesize":559196,"url":"https:\/\/mdw.ac.at\/altemusik\/blog2\/wp-content\/uploads\/2025\/09\/ANDREA-SCHIAVONE_DER-PARNASS_CC-BY-SA_BSTGS_40-43-1500x430.jpg"},"featured_large":{"width":1500,"height":630,"mime-type":"image\/jpeg","filesize":806736,"url":"https:\/\/mdw.ac.at\/altemusik\/blog2\/wp-content\/uploads\/2025\/09\/ANDREA-SCHIAVONE_DER-PARNASS_CC-BY-SA_BSTGS_40-43-1500x630.jpg"},"extra_large":{"width":1500,"height":1125,"mime-type":"image\/jpeg","filesize":1414479,"url":"https:\/\/mdw.ac.at\/altemusik\/blog2\/wp-content\/uploads\/2025\/09\/ANDREA-SCHIAVONE_DER-PARNASS_CC-BY-SA_BSTGS_40-43-1500x1125.jpg"},"portfolio":{"width":495,"height":400,"mime-type":"image\/jpeg","filesize":181613,"url":"https:\/\/mdw.ac.at\/altemusik\/blog2\/wp-content\/uploads\/2025\/09\/ANDREA-SCHIAVONE_DER-PARNASS_CC-BY-SA_BSTGS_40-43-495x400.jpg"},"portfolio_small":{"width":260,"height":185,"mime-type":"image\/jpeg","filesize":48957,"url":"https:\/\/mdw.ac.at\/altemusik\/blog2\/wp-content\/uploads\/2025\/09\/ANDREA-SCHIAVONE_DER-PARNASS_CC-BY-SA_BSTGS_40-43-260x185.jpg"},"gallery":{"width":845,"height":684,"mime-type":"image\/jpeg","filesize":509773,"url":"https:\/\/mdw.ac.at\/altemusik\/blog2\/wp-content\/uploads\/2025\/09\/ANDREA-SCHIAVONE_DER-PARNASS_CC-BY-SA_BSTGS_40-43-845x684.jpg"},"magazine":{"width":710,"height":375,"mime-type":"image\/jpeg","filesize":243803,"url":"https:\/\/mdw.ac.at\/altemusik\/blog2\/wp-content\/uploads\/2025\/09\/ANDREA-SCHIAVONE_DER-PARNASS_CC-BY-SA_BSTGS_40-43-710x375.jpg"},"masonry":{"width":705,"height":529,"mime-type":"image\/jpeg","filesize":335376,"url":"https:\/\/mdw.ac.at\/altemusik\/blog2\/wp-content\/uploads\/2025\/09\/ANDREA-SCHIAVONE_DER-PARNASS_CC-BY-SA_BSTGS_40-43-705x529.jpg"},"entry_with_sidebar":{"width":845,"height":321,"mime-type":"image\/jpeg","filesize":244976,"url":"https:\/\/mdw.ac.at\/altemusik\/blog2\/wp-content\/uploads\/2025\/09\/ANDREA-SCHIAVONE_DER-PARNASS_CC-BY-SA_BSTGS_40-43-845x321.jpg"},"entry_without_sidebar":{"width":1210,"height":423,"mime-type":"image\/jpeg","filesize":451407,"url":"https:\/\/mdw.ac.at\/altemusik\/blog2\/wp-content\/uploads\/2025\/09\/ANDREA-SCHIAVONE_DER-PARNASS_CC-BY-SA_BSTGS_40-43-1210x423.jpg"},"shop_thumbnail":{"width":120,"height":120,"mime-type":"image\/jpeg","filesize":15778,"url":"https:\/\/mdw.ac.at\/altemusik\/blog2\/wp-content\/uploads\/2025\/09\/ANDREA-SCHIAVONE_DER-PARNASS_CC-BY-SA_BSTGS_40-43-120x120.jpg"},"shop_catalog":{"width":450,"height":450,"mime-type":"image\/jpeg","filesize":188950,"url":"https:\/\/mdw.ac.at\/altemusik\/blog2\/wp-content\/uploads\/2025\/09\/ANDREA-SCHIAVONE_DER-PARNASS_CC-BY-SA_BSTGS_40-43-450x450.jpg"},"shop_single":{"width":450,"height":337,"mime-type":"image\/jpeg","filesize":142699,"url":"https:\/\/mdw.ac.at\/altemusik\/blog2\/wp-content\/uploads\/2025\/09\/ANDREA-SCHIAVONE_DER-PARNASS_CC-BY-SA_BSTGS_40-43-450x337.jpg"}}},"all_day":false,"start_date":"2025-11-17 19:00:00","start_date_details":{"year":"2025","month":"11","day":"17","hour":"19","minutes":"00","seconds":"00"},"end_date":"2025-11-17 21:30:00","end_date_details":{"year":"2025","month":"11","day":"17","hour":"21","minutes":"30","seconds":"00"},"utc_start_date":"2025-11-17 18:00:00","utc_start_date_details":{"year":"2025","month":"11","day":"17","hour":"18","minutes":"00","seconds":"00"},"utc_end_date":"2025-11-17 20:30:00","utc_end_date_details":{"year":"2025","month":"11","day":"17","hour":"20","minutes":"30","seconds":"00"},"timezone":"Europe\/Vienna","timezone_abbr":"CET","cost":"","cost_details":{"currency_symbol":"","currency_code":"","currency_position":"prefix","values":[]},"website":"","show_map":true,"show_map_link":true,"hide_from_listings":false,"sticky":false,"featured":false,"categories":[{"name":"Fux Fest","slug":"fuxfest","term_group":0,"term_taxonomy_id":683,"taxonomy":"tribe_events_cat","description":"","parent":166,"count":6,"filter":"raw","id":683,"urls":{"self":"https:\/\/mdw.ac.at\/altemusik\/wp-json\/tribe\/events\/v1\/categories\/683","collection":"https:\/\/mdw.ac.at\/altemusik\/wp-json\/tribe\/events\/v1\/categories","up":"https:\/\/mdw.ac.at\/altemusik\/wp-json\/tribe\/events\/v1\/categories\/166"}},{"name":"mdw Barockorchester","slug":"mdw-barockorchester","term_group":0,"term_taxonomy_id":534,"taxonomy":"tribe_events_cat","description":"","parent":0,"count":12,"filter":"raw","id":534,"urls":{"self":"https:\/\/mdw.ac.at\/altemusik\/wp-json\/tribe\/events\/v1\/categories\/534","collection":"https:\/\/mdw.ac.at\/altemusik\/wp-json\/tribe\/events\/v1\/categories"}},{"name":"\u00d6ffentlich","slug":"offentlich","term_group":0,"term_taxonomy_id":166,"taxonomy":"tribe_events_cat","description":"","parent":0,"count":472,"filter":"raw","id":166,"urls":{"self":"https:\/\/mdw.ac.at\/altemusik\/wp-json\/tribe\/events\/v1\/categories\/166","collection":"https:\/\/mdw.ac.at\/altemusik\/wp-json\/tribe\/events\/v1\/categories"}}],"tags":[],"venue":{"id":13460,"author":"1","status":"publish","date":"2023-04-14 11:56:00","date_utc":"2023-04-14 09:56:00","modified":"2023-04-14 11:56:00","modified_utc":"2023-04-14 09:56:00","url":"https:\/\/mdw.ac.at\/altemusik\/veranstaltungsort\/festsal-oeaw\/","venue":"Festsaal \u00d6AW","slug":"festsal-oeaw","address":"Dr. Ignaz Seipel-Platz 2","city":"Wien","country":"Austria","province":"Wien","zip":"1010","stateprovince":"Wien","geo_lat":48.208840500000001,"geo_lng":16.377184499999998,"json_ld":{"@type":"Place","name":"Festsaal \u00d6AW","description":"","url":"https:\/\/mdw.ac.at\/altemusik\/veranstaltungsort\/festsal-oeaw\/","address":{"@type":"PostalAddress","streetAddress":"Dr. Ignaz Seipel-Platz 2","addressLocality":"Wien","addressRegion":"Wien","postalCode":"1010","addressCountry":"Austria"},"geo":{"@type":"GeoCoordinates","latitude":48.208840500000001,"longitude":16.377184499999998},"telephone":"","sameAs":""},"show_map":true,"show_map_link":true,"global_id":"mdw.ac.at\/altemusik?id=13460","global_id_lineage":["mdw.ac.at\/altemusik?id=13460"]},"organizer":[],"custom_fields":[],"json_ld":{"@context":"http:\/\/schema.org","@type":"Event","name":"KONZERT | Giunone Placata","description":"&lt;p&gt;Johann Joseph Fux (ca. 1660\u20131741) Giunone placata, K 316 Festa Teatrale per Musica da Rappresentarsi nell\u2019Imperial Corte per Il Glorioso, e Felicissimo Nome della Sac: Ces: e Catt. Real Maest\u00e0 [&hellip;]&lt;\/p&gt;\\n","image":"https:\/\/mdw.ac.at\/altemusik\/blog2\/wp-content\/uploads\/2025\/09\/ANDREA-SCHIAVONE_DER-PARNASS_CC-BY-SA_BSTGS_40-43.jpg","url":"https:\/\/mdw.ac.at\/altemusik\/event\/konzert-j-j-fux-giunone-placata\/","eventAttendanceMode":"https:\/\/schema.org\/OfflineEventAttendanceMode","eventStatus":"https:\/\/schema.org\/EventScheduled","startDate":"2025-11-17T19:00:00+01:00","endDate":"2025-11-17T21:30:00+01:00","location":{"@type":"Place","name":"Festsaal \u00d6AW","description":"","url":"https:\/\/mdw.ac.at\/altemusik\/veranstaltungsort\/festsal-oeaw\/","address":{"@type":"PostalAddress","streetAddress":"Dr. Ignaz Seipel-Platz 2","addressLocality":"Wien","addressRegion":"Wien","postalCode":"1010","addressCountry":"Austria"},"geo":{"@type":"GeoCoordinates","latitude":48.208840500000001,"longitude":16.377184499999998},"telephone":"","sameAs":""},"performer":"Organization"},"ticketed":false,"is_virtual":false,"virtual_url":null,"virtual_video_source":""}