{"id":3329,"date":"2024-12-16T12:57:58","date_gmt":"2024-12-16T12:57:58","guid":{"rendered":"https:\/\/mdw.ac.at\/internationalblog\/?p=3329"},"modified":"2025-01-21T13:17:43","modified_gmt":"2025-01-21T13:17:43","slug":"danube-sounds-musical-encounters-in-budapest-and-bucharest","status":"publish","type":"post","link":"https:\/\/mdw.ac.at\/internationalblog\/2024\/12\/16\/danube-sounds-musical-encounters-in-budapest-and-bucharest\/","title":{"rendered":"&#8220;Danube Sounds&#8221;: Musical encounters in Budapest and Bucharest"},"content":{"rendered":"\n<p>Our journey with the <a href=\"https:\/\/www.mdw.ac.at\/magazin\/2024\/11\/26\/danube-sounds-musikalische-begegnungen-im-donauraum\/?lang=en\" target=\"_blank\" rel=\"noreferrer noopener\">Danube Sounds<\/a>* project took me, along with former and current mdw students, to the remarkable cities of Budapest and Bucharest. The first concert was held in Budapest, where I had the honour of performing alongside Pedro Minhava Reis (clarinet), an mdw alumnus, and Nicole Henter (flute), who is currently studying at the mdw. Budapest greeted us with light rain on the concert day, but the city\u2019s unmistakable charm as a musical hub of Europe quickly made us feel at home. Upon arrival, we were warmly welcomed by F\u00e1bi\u00e1n V\u00f6r\u00f6s, a consultant for Film &amp; Music at the <a href=\"https:\/\/www.bmeia.gv.at\/kf-budapest\" target=\"_blank\" rel=\"noreferrer noopener\">Austrian Cultural Forum Budapest<\/a>, who guided us to our hotel and reviewed the day\u2019s schedule with us.<\/p>\n\n\n\n<figure class=\"wp-block-gallery has-nested-images columns-default is-cropped wp-block-gallery-1 is-layout-flex wp-block-gallery-is-layout-flex\">\n<figure class=\"wp-block-image size-large\"><img loading=\"lazy\" decoding=\"async\" width=\"768\" height=\"1024\" data-id=\"3331\" src=\"https:\/\/mdw.ac.at\/internationalblog\/blog\/wp-content\/uploads\/2024\/12\/Chamber-Music-Hall-Old-Liszt-Academy-Budapest-768x1024.jpg\" alt=\"\" class=\"wp-image-3331\" srcset=\"https:\/\/mdw.ac.at\/internationalblog\/blog\/wp-content\/uploads\/2024\/12\/Chamber-Music-Hall-Old-Liszt-Academy-Budapest-768x1024.jpg 768w, https:\/\/mdw.ac.at\/internationalblog\/blog\/wp-content\/uploads\/2024\/12\/Chamber-Music-Hall-Old-Liszt-Academy-Budapest-225x300.jpg 225w, https:\/\/mdw.ac.at\/internationalblog\/blog\/wp-content\/uploads\/2024\/12\/Chamber-Music-Hall-Old-Liszt-Academy-Budapest-1152x1536.jpg 1152w, https:\/\/mdw.ac.at\/internationalblog\/blog\/wp-content\/uploads\/2024\/12\/Chamber-Music-Hall-Old-Liszt-Academy-Budapest-1536x2048.jpg 1536w, https:\/\/mdw.ac.at\/internationalblog\/blog\/wp-content\/uploads\/2024\/12\/Chamber-Music-Hall-Old-Liszt-Academy-Budapest-scaled.jpg 1920w\" sizes=\"auto, (max-width: 768px) 100vw, 768px\" \/><figcaption class=\"wp-element-caption\">Chamber Music Hall at the Liszt Academy<\/figcaption><\/figure>\n\n\n\n<figure class=\"wp-block-image size-large\"><img loading=\"lazy\" decoding=\"async\" width=\"769\" height=\"1024\" data-id=\"3332\" src=\"https:\/\/mdw.ac.at\/internationalblog\/blog\/wp-content\/uploads\/2024\/12\/Concert-Old-Liszt-Academy-1-\u00a9Gabor-Tormor-769x1024.jpg\" alt=\"\" class=\"wp-image-3332\" srcset=\"https:\/\/mdw.ac.at\/internationalblog\/blog\/wp-content\/uploads\/2024\/12\/Concert-Old-Liszt-Academy-1-\u00a9Gabor-Tormor-769x1024.jpg 769w, https:\/\/mdw.ac.at\/internationalblog\/blog\/wp-content\/uploads\/2024\/12\/Concert-Old-Liszt-Academy-1-\u00a9Gabor-Tormor-225x300.jpg 225w, https:\/\/mdw.ac.at\/internationalblog\/blog\/wp-content\/uploads\/2024\/12\/Concert-Old-Liszt-Academy-1-\u00a9Gabor-Tormor-768x1023.jpg 768w, https:\/\/mdw.ac.at\/internationalblog\/blog\/wp-content\/uploads\/2024\/12\/Concert-Old-Liszt-Academy-1-\u00a9Gabor-Tormor-1153x1536.jpg 1153w, https:\/\/mdw.ac.at\/internationalblog\/blog\/wp-content\/uploads\/2024\/12\/Concert-Old-Liszt-Academy-1-\u00a9Gabor-Tormor-1537x2048.jpg 1537w, https:\/\/mdw.ac.at\/internationalblog\/blog\/wp-content\/uploads\/2024\/12\/Concert-Old-Liszt-Academy-1-\u00a9Gabor-Tormor-scaled.jpg 1922w\" sizes=\"auto, (max-width: 769px) 100vw, 769px\" \/><figcaption class=\"wp-element-caption\">Mennan B\u00ebrveniku-Brunner (Credit: Garbor T\u00f6rm\u00f6r)<\/figcaption><\/figure>\n<\/figure>\n\n\n\n<p><br>After check-in and a quick break, we set out for the concert hall through the charming streets of Ter\u00e9zv\u00e1ros (Theresa Town), known for its beautiful villas. A delicious coffee at Matinee Coffeeshop fuelled us for the evening ahead, and soon we arrived at the hall. The concert took place in the historic chamber music hall of the Old <a href=\"https:\/\/uni.lisztacademy.hu\/\" target=\"_blank\" rel=\"noreferrer noopener\">Liszt Academy<\/a>\u2014an extraordinary venue that infused the evening with a unique atmosphere. Following the concert, the Austrian Cultural Forum Budapest hosted us for dinner, giving us the chance to connect with the talented Wanderer Quartet students from the host institution in a relaxed, welcoming environment.<\/p>\n\n\n\n<figure class=\"wp-block-gallery has-nested-images columns-default is-cropped wp-block-gallery-2 is-layout-flex wp-block-gallery-is-layout-flex\">\n<figure class=\"wp-block-image size-large\"><img loading=\"lazy\" decoding=\"async\" width=\"769\" height=\"1024\" data-id=\"3333\" src=\"https:\/\/mdw.ac.at\/internationalblog\/blog\/wp-content\/uploads\/2024\/12\/Concert-Old-Liszt-Academy-2-\u00a9Gabor-Tormor-769x1024.jpg\" alt=\"\" class=\"wp-image-3333\" srcset=\"https:\/\/mdw.ac.at\/internationalblog\/blog\/wp-content\/uploads\/2024\/12\/Concert-Old-Liszt-Academy-2-\u00a9Gabor-Tormor-769x1024.jpg 769w, https:\/\/mdw.ac.at\/internationalblog\/blog\/wp-content\/uploads\/2024\/12\/Concert-Old-Liszt-Academy-2-\u00a9Gabor-Tormor-225x300.jpg 225w, https:\/\/mdw.ac.at\/internationalblog\/blog\/wp-content\/uploads\/2024\/12\/Concert-Old-Liszt-Academy-2-\u00a9Gabor-Tormor-768x1023.jpg 768w, https:\/\/mdw.ac.at\/internationalblog\/blog\/wp-content\/uploads\/2024\/12\/Concert-Old-Liszt-Academy-2-\u00a9Gabor-Tormor-1153x1536.jpg 1153w, https:\/\/mdw.ac.at\/internationalblog\/blog\/wp-content\/uploads\/2024\/12\/Concert-Old-Liszt-Academy-2-\u00a9Gabor-Tormor-1537x2048.jpg 1537w, https:\/\/mdw.ac.at\/internationalblog\/blog\/wp-content\/uploads\/2024\/12\/Concert-Old-Liszt-Academy-2-\u00a9Gabor-Tormor-scaled.jpg 1922w\" sizes=\"auto, (max-width: 769px) 100vw, 769px\" \/><figcaption class=\"wp-element-caption\">On stage with Nicole Henter (flute) and Pedro Minhava Reis (clarinet) (Credit: Garbor T\u00f6rm\u00f6r)<\/figcaption><\/figure>\n\n\n\n<figure class=\"wp-block-image size-large\"><img loading=\"lazy\" decoding=\"async\" width=\"768\" height=\"1024\" data-id=\"3334\" src=\"https:\/\/mdw.ac.at\/internationalblog\/blog\/wp-content\/uploads\/2024\/12\/Concert-Old-Liszt-Academy-Budapest-before-the-concert-Mennan-Pedro-Nicole-768x1024.jpg\" alt=\"\" class=\"wp-image-3334\" srcset=\"https:\/\/mdw.ac.at\/internationalblog\/blog\/wp-content\/uploads\/2024\/12\/Concert-Old-Liszt-Academy-Budapest-before-the-concert-Mennan-Pedro-Nicole-768x1024.jpg 768w, https:\/\/mdw.ac.at\/internationalblog\/blog\/wp-content\/uploads\/2024\/12\/Concert-Old-Liszt-Academy-Budapest-before-the-concert-Mennan-Pedro-Nicole-225x300.jpg 225w, https:\/\/mdw.ac.at\/internationalblog\/blog\/wp-content\/uploads\/2024\/12\/Concert-Old-Liszt-Academy-Budapest-before-the-concert-Mennan-Pedro-Nicole-1152x1536.jpg 1152w, https:\/\/mdw.ac.at\/internationalblog\/blog\/wp-content\/uploads\/2024\/12\/Concert-Old-Liszt-Academy-Budapest-before-the-concert-Mennan-Pedro-Nicole-1536x2048.jpg 1536w, https:\/\/mdw.ac.at\/internationalblog\/blog\/wp-content\/uploads\/2024\/12\/Concert-Old-Liszt-Academy-Budapest-before-the-concert-Mennan-Pedro-Nicole-scaled.jpg 1920w\" sizes=\"auto, (max-width: 768px) 100vw, 768px\" \/><\/figure>\n<\/figure>\n\n\n\n<p><br><br>In contrast, Bucharest, where I had a second chance to perform with the Danube Sounds project, was an entirely new experience for me. This time, I was joined by my two students Lucija Spevec, a soprano from Croatia, and Seokju Hong, a bass-baritone from South Korea, who are both currently pursuing their master\u2019s degrees in opera and musical drama. Upon our arrival, we were met with a warm reception by the Deputy Director of the <a href=\"https:\/\/www.bmeia.gv.at\/kf-bukarest\" target=\"_blank\" rel=\"noreferrer noopener\">Austrian Cultural Forum Bucharest<\/a>, Andrei Popov, and the Vice-Rector of the <a href=\"https:\/\/www.unmb.ro\/en\/\" target=\"_blank\" rel=\"noreferrer noopener\">National University of Music Bucharest<\/a>, Verona Maier. This heartfelt welcome set the tone for our stay. That evening, after our rehearsal in the George Enescu Hall, we attended an orchestral concert at the impressive Romanian Athenaeum\u2014an awe-inspiring venue and one of Romania\u2019s most beautiful concert halls.<\/p>\n\n\n\n<figure class=\"wp-block-gallery has-nested-images columns-default is-cropped wp-block-gallery-3 is-layout-flex wp-block-gallery-is-layout-flex\">\n<figure class=\"wp-block-image size-large\"><img loading=\"lazy\" decoding=\"async\" width=\"768\" height=\"1024\" data-id=\"3340\" src=\"https:\/\/mdw.ac.at\/internationalblog\/blog\/wp-content\/uploads\/2024\/12\/National-University-of-Music-Bucharest-Opera-Division-768x1024.jpg\" alt=\"\" class=\"wp-image-3340\" srcset=\"https:\/\/mdw.ac.at\/internationalblog\/blog\/wp-content\/uploads\/2024\/12\/National-University-of-Music-Bucharest-Opera-Division-768x1024.jpg 768w, https:\/\/mdw.ac.at\/internationalblog\/blog\/wp-content\/uploads\/2024\/12\/National-University-of-Music-Bucharest-Opera-Division-225x300.jpg 225w, https:\/\/mdw.ac.at\/internationalblog\/blog\/wp-content\/uploads\/2024\/12\/National-University-of-Music-Bucharest-Opera-Division-1152x1536.jpg 1152w, https:\/\/mdw.ac.at\/internationalblog\/blog\/wp-content\/uploads\/2024\/12\/National-University-of-Music-Bucharest-Opera-Division-1536x2048.jpg 1536w, https:\/\/mdw.ac.at\/internationalblog\/blog\/wp-content\/uploads\/2024\/12\/National-University-of-Music-Bucharest-Opera-Division-scaled.jpg 1920w\" sizes=\"auto, (max-width: 768px) 100vw, 768px\" \/><figcaption class=\"wp-element-caption\">National University of Music Bucharest &#8211; Opera division<\/figcaption><\/figure>\n\n\n\n<figure class=\"wp-block-image size-large\"><img loading=\"lazy\" decoding=\"async\" width=\"1024\" height=\"768\" data-id=\"3341\" src=\"https:\/\/mdw.ac.at\/internationalblog\/blog\/wp-content\/uploads\/2024\/12\/Roman-Athenaeum-inside-1024x768.jpg\" alt=\"\" class=\"wp-image-3341\" srcset=\"https:\/\/mdw.ac.at\/internationalblog\/blog\/wp-content\/uploads\/2024\/12\/Roman-Athenaeum-inside-1024x768.jpg 1024w, https:\/\/mdw.ac.at\/internationalblog\/blog\/wp-content\/uploads\/2024\/12\/Roman-Athenaeum-inside-300x225.jpg 300w, https:\/\/mdw.ac.at\/internationalblog\/blog\/wp-content\/uploads\/2024\/12\/Roman-Athenaeum-inside-768x576.jpg 768w, https:\/\/mdw.ac.at\/internationalblog\/blog\/wp-content\/uploads\/2024\/12\/Roman-Athenaeum-inside-1536x1152.jpg 1536w, https:\/\/mdw.ac.at\/internationalblog\/blog\/wp-content\/uploads\/2024\/12\/Roman-Athenaeum-inside-2048x1536.jpg 2048w\" sizes=\"auto, (max-width: 1024px) 100vw, 1024px\" \/><figcaption class=\"wp-element-caption\">Roman Athenaeum<\/figcaption><\/figure>\n<\/figure>\n\n\n\n<figure class=\"wp-block-gallery has-nested-images columns-default is-cropped wp-block-gallery-4 is-layout-flex wp-block-gallery-is-layout-flex\">\n<figure class=\"wp-block-image size-large\"><img loading=\"lazy\" decoding=\"async\" width=\"768\" height=\"1024\" data-id=\"3338\" src=\"https:\/\/mdw.ac.at\/internationalblog\/blog\/wp-content\/uploads\/2024\/12\/Concert-Enescu-Hall-before-the-concert-Seokju-Lucija-Mennan-1-768x1024.jpg\" alt=\"\" class=\"wp-image-3338\" srcset=\"https:\/\/mdw.ac.at\/internationalblog\/blog\/wp-content\/uploads\/2024\/12\/Concert-Enescu-Hall-before-the-concert-Seokju-Lucija-Mennan-1-768x1024.jpg 768w, https:\/\/mdw.ac.at\/internationalblog\/blog\/wp-content\/uploads\/2024\/12\/Concert-Enescu-Hall-before-the-concert-Seokju-Lucija-Mennan-1-225x300.jpg 225w, https:\/\/mdw.ac.at\/internationalblog\/blog\/wp-content\/uploads\/2024\/12\/Concert-Enescu-Hall-before-the-concert-Seokju-Lucija-Mennan-1-1152x1536.jpg 1152w, https:\/\/mdw.ac.at\/internationalblog\/blog\/wp-content\/uploads\/2024\/12\/Concert-Enescu-Hall-before-the-concert-Seokju-Lucija-Mennan-1-1536x2048.jpg 1536w, https:\/\/mdw.ac.at\/internationalblog\/blog\/wp-content\/uploads\/2024\/12\/Concert-Enescu-Hall-before-the-concert-Seokju-Lucija-Mennan-1-scaled.jpg 1920w\" sizes=\"auto, (max-width: 768px) 100vw, 768px\" \/><figcaption class=\"wp-element-caption\">Before the concert with Seokju Hong (bass-baritone), Lucija Spevec (soprano) <\/figcaption><\/figure>\n\n\n\n<figure class=\"wp-block-image size-large\"><img loading=\"lazy\" decoding=\"async\" width=\"768\" height=\"1024\" data-id=\"3339\" src=\"https:\/\/mdw.ac.at\/internationalblog\/blog\/wp-content\/uploads\/2024\/12\/National-University-of-Music-Bucharest-George-Enescu-Hall-768x1024.jpg\" alt=\"\" class=\"wp-image-3339\" srcset=\"https:\/\/mdw.ac.at\/internationalblog\/blog\/wp-content\/uploads\/2024\/12\/National-University-of-Music-Bucharest-George-Enescu-Hall-768x1024.jpg 768w, https:\/\/mdw.ac.at\/internationalblog\/blog\/wp-content\/uploads\/2024\/12\/National-University-of-Music-Bucharest-George-Enescu-Hall-225x300.jpg 225w, https:\/\/mdw.ac.at\/internationalblog\/blog\/wp-content\/uploads\/2024\/12\/National-University-of-Music-Bucharest-George-Enescu-Hall-1152x1536.jpg 1152w, https:\/\/mdw.ac.at\/internationalblog\/blog\/wp-content\/uploads\/2024\/12\/National-University-of-Music-Bucharest-George-Enescu-Hall-1536x2048.jpg 1536w, https:\/\/mdw.ac.at\/internationalblog\/blog\/wp-content\/uploads\/2024\/12\/National-University-of-Music-Bucharest-George-Enescu-Hall-scaled.jpg 1920w\" sizes=\"auto, (max-width: 768px) 100vw, 768px\" \/><figcaption class=\"wp-element-caption\">George Enescu Hall at the National University of Music Bucharest<\/figcaption><\/figure>\n<\/figure>\n\n\n\n<p><br>The following day, we enjoyed a leisurely walk through Bucharest\u2019s Old Town before the concert, exploring the city\u2019s Orthodox churches, grand architecture, and the famous Bulevardul Unirii with the towering Palace of Parliament in the background. Our performance in the George Enescu Hall at the National University of Music was the perfect finale to our visit, and the audience\u2019s enthusiastic applause was a powerful affirmation for my students, who performed with remarkable passion and dedication on this international stage.<\/p>\n\n\n\n<figure class=\"wp-block-image size-large\"><img loading=\"lazy\" decoding=\"async\" width=\"1024\" height=\"768\" src=\"https:\/\/mdw.ac.at\/internationalblog\/blog\/wp-content\/uploads\/2024\/12\/Concert-Enescu-Hall-2-\u00a9Andrei-Popov-1024x768.jpg\" alt=\"\" class=\"wp-image-3337\" srcset=\"https:\/\/mdw.ac.at\/internationalblog\/blog\/wp-content\/uploads\/2024\/12\/Concert-Enescu-Hall-2-\u00a9Andrei-Popov-1024x768.jpg 1024w, https:\/\/mdw.ac.at\/internationalblog\/blog\/wp-content\/uploads\/2024\/12\/Concert-Enescu-Hall-2-\u00a9Andrei-Popov-300x225.jpg 300w, https:\/\/mdw.ac.at\/internationalblog\/blog\/wp-content\/uploads\/2024\/12\/Concert-Enescu-Hall-2-\u00a9Andrei-Popov-768x576.jpg 768w, https:\/\/mdw.ac.at\/internationalblog\/blog\/wp-content\/uploads\/2024\/12\/Concert-Enescu-Hall-2-\u00a9Andrei-Popov-1536x1152.jpg 1536w, https:\/\/mdw.ac.at\/internationalblog\/blog\/wp-content\/uploads\/2024\/12\/Concert-Enescu-Hall-2-\u00a9Andrei-Popov-2048x1536.jpg 2048w\" sizes=\"auto, (max-width: 1024px) 100vw, 1024px\" \/><figcaption class=\"wp-element-caption\">Credit: Andrei Popov<\/figcaption><\/figure>\n\n\n\n<figure class=\"wp-block-image size-large\"><img loading=\"lazy\" decoding=\"async\" width=\"1024\" height=\"768\" src=\"https:\/\/mdw.ac.at\/internationalblog\/blog\/wp-content\/uploads\/2024\/12\/Concert-Enescu-Hall-1-\u00a9Andrei-Popov-1024x768.jpg\" alt=\"\" class=\"wp-image-3336\" srcset=\"https:\/\/mdw.ac.at\/internationalblog\/blog\/wp-content\/uploads\/2024\/12\/Concert-Enescu-Hall-1-\u00a9Andrei-Popov-1024x768.jpg 1024w, https:\/\/mdw.ac.at\/internationalblog\/blog\/wp-content\/uploads\/2024\/12\/Concert-Enescu-Hall-1-\u00a9Andrei-Popov-300x225.jpg 300w, https:\/\/mdw.ac.at\/internationalblog\/blog\/wp-content\/uploads\/2024\/12\/Concert-Enescu-Hall-1-\u00a9Andrei-Popov-768x576.jpg 768w, https:\/\/mdw.ac.at\/internationalblog\/blog\/wp-content\/uploads\/2024\/12\/Concert-Enescu-Hall-1-\u00a9Andrei-Popov-1536x1152.jpg 1536w, https:\/\/mdw.ac.at\/internationalblog\/blog\/wp-content\/uploads\/2024\/12\/Concert-Enescu-Hall-1-\u00a9Andrei-Popov-2048x1536.jpg 2048w\" sizes=\"auto, (max-width: 1024px) 100vw, 1024px\" \/><figcaption class=\"wp-element-caption\">Credit: Andrei Popov<\/figcaption><\/figure>\n\n\n\n<p><br><br>The Danube Sounds project opened doors to the international stage and illustrated just how enriching musical exchange and cross-border collaboration can be\u2014an experience that will remain with us for years to come.<\/p>\n\n\n\n<p><em>Photo credits if not mentioned otherwise: Mennan B\u00ebrveniku-Brunner<\/em><\/p>\n\n\n\n<p><\/p>\n","protected":false},"excerpt":{"rendered":"<p>Our journey with the Danube Sounds* project took me, along with former and current mdw students, to the remarkable cities of Budapest and Bucharest. The first concert was held in Budapest, where I had the honour of performing alongside Pedro Minhava Reis (clarinet), an mdw alumnus, and Nicole Henter (flute), who is currently studying at [&hellip;]<\/p>\n","protected":false},"author":6,"featured_media":3327,"comment_status":"closed","ping_status":"closed","sticky":false,"template":"","format":"standard","meta":{"_acf_changed":false,"site-sidebar-layout":"default","site-content-layout":"","ast-site-content-layout":"default","site-content-style":"default","site-sidebar-style":"default","ast-global-header-display":"","ast-banner-title-visibility":"","ast-main-header-display":"","ast-hfb-above-header-display":"","ast-hfb-below-header-display":"","ast-hfb-mobile-header-display":"","site-post-title":"","ast-breadcrumbs-content":"","ast-featured-img":"","footer-sml-layout":"","ast-disable-related-posts":"","theme-transparent-header-meta":"","adv-header-id-meta":"","stick-header-meta":"","header-above-stick-meta":"","header-main-stick-meta":"","header-below-stick-meta":"","astra-migrate-meta-layouts":"set","ast-page-background-enabled":"default","ast-page-background-meta":{"desktop":{"background-color":"var(--ast-global-color-4)","background-image":"","background-repeat":"repeat","background-position":"center center","background-size":"auto","background-attachment":"scroll","background-type":"","background-media":"","overlay-type":"","overlay-color":"","overlay-opacity":"","overlay-gradient":""},"tablet":{"background-color":"","background-image":"","background-repeat":"repeat","background-position":"center center","background-size":"auto","background-attachment":"scroll","background-type":"","background-media":"","overlay-type":"","overlay-color":"","overlay-opacity":"","overlay-gradient":""},"mobile":{"background-color":"","background-image":"","background-repeat":"repeat","background-position":"center center","background-size":"auto","background-attachment":"scroll","background-type":"","background-media":"","overlay-type":"","overlay-color":"","overlay-opacity":"","overlay-gradient":""}},"ast-content-background-meta":{"desktop":{"background-color":"var(--ast-global-color-5)","background-image":"","background-repeat":"repeat","background-position":"center center","background-size":"auto","background-attachment":"scroll","background-type":"","background-media":"","overlay-type":"","overlay-color":"","overlay-opacity":"","overlay-gradient":""},"tablet":{"background-color":"var(--ast-global-color-5)","background-image":"","background-repeat":"repeat","background-position":"center center","background-size":"auto","background-attachment":"scroll","background-type":"","background-media":"","overlay-type":"","overlay-color":"","overlay-opacity":"","overlay-gradient":""},"mobile":{"background-color":"var(--ast-global-color-5)","background-image":"","background-repeat":"repeat","background-position":"center center","background-size":"auto","background-attachment":"scroll","background-type":"","background-media":"","overlay-type":"","overlay-color":"","overlay-opacity":"","overlay-gradient":""}},"footnotes":""},"categories":[247],"tags":[],"countries":[267],"Designs":[257],"class_list":["post-3329","post","type-post","status-publish","format-standard","has-post-thumbnail","hentry","category-internationals","countries-hungary","Designs-regular"],"acf":{"mdw_featured_image":{"simple_value_formatted":"<img width=\"1440\" height=\"1440\" src=\"https:\/\/mdw.ac.at\/internationalblog\/blog\/wp-content\/uploads\/2024\/12\/IntBlog_website_Berveniku-Brunner.jpg\" class=\"attachment-full size-full\" alt=\"\" decoding=\"async\" loading=\"lazy\" srcset=\"https:\/\/mdw.ac.at\/internationalblog\/blog\/wp-content\/uploads\/2024\/12\/IntBlog_website_Berveniku-Brunner.jpg 1440w, https:\/\/mdw.ac.at\/internationalblog\/blog\/wp-content\/uploads\/2024\/12\/IntBlog_website_Berveniku-Brunner-300x300.jpg 300w, https:\/\/mdw.ac.at\/internationalblog\/blog\/wp-content\/uploads\/2024\/12\/IntBlog_website_Berveniku-Brunner-1024x1024.jpg 1024w, https:\/\/mdw.ac.at\/internationalblog\/blog\/wp-content\/uploads\/2024\/12\/IntBlog_website_Berveniku-Brunner-150x150.jpg 150w, https:\/\/mdw.ac.at\/internationalblog\/blog\/wp-content\/uploads\/2024\/12\/IntBlog_website_Berveniku-Brunner-768x768.jpg 768w\" sizes=\"auto, (max-width: 1440px) 100vw, 1440px\" \/>","value_formatted":3347,"value":"3347","field":{"ID":2124,"key":"field_64209712bc430","label":"MDW Featured Image","name":"mdw_featured_image","aria-label":"","prefix":"acf","type":"image","value":null,"menu_order":0,"instructions":"","required":0,"id":"","class":"","conditional_logic":0,"parent":2123,"wrapper":{"width":"","class":"","id":""},"return_format":"array","library":"all","min_width":"","min_height":"","min_size":"","max_width":"","max_height":"","max_size":"","mime_types":"","preview_size":"full","_name":"mdw_featured_image","_valid":1}}},"mb":[],"mfb_rest_fields":["title"],"_links":{"self":[{"href":"https:\/\/mdw.ac.at\/internationalblog\/wp-json\/wp\/v2\/posts\/3329","targetHints":{"allow":["GET"]}}],"collection":[{"href":"https:\/\/mdw.ac.at\/internationalblog\/wp-json\/wp\/v2\/posts"}],"about":[{"href":"https:\/\/mdw.ac.at\/internationalblog\/wp-json\/wp\/v2\/types\/post"}],"author":[{"embeddable":true,"href":"https:\/\/mdw.ac.at\/internationalblog\/wp-json\/wp\/v2\/users\/6"}],"replies":[{"embeddable":true,"href":"https:\/\/mdw.ac.at\/internationalblog\/wp-json\/wp\/v2\/comments?post=3329"}],"version-history":[{"count":5,"href":"https:\/\/mdw.ac.at\/internationalblog\/wp-json\/wp\/v2\/posts\/3329\/revisions"}],"predecessor-version":[{"id":3395,"href":"https:\/\/mdw.ac.at\/internationalblog\/wp-json\/wp\/v2\/posts\/3329\/revisions\/3395"}],"wp:featuredmedia":[{"embeddable":true,"href":"https:\/\/mdw.ac.at\/internationalblog\/wp-json\/wp\/v2\/media\/3327"}],"wp:attachment":[{"href":"https:\/\/mdw.ac.at\/internationalblog\/wp-json\/wp\/v2\/media?parent=3329"}],"wp:term":[{"taxonomy":"category","embeddable":true,"href":"https:\/\/mdw.ac.at\/internationalblog\/wp-json\/wp\/v2\/categories?post=3329"},{"taxonomy":"post_tag","embeddable":true,"href":"https:\/\/mdw.ac.at\/internationalblog\/wp-json\/wp\/v2\/tags?post=3329"},{"taxonomy":"countries","embeddable":true,"href":"https:\/\/mdw.ac.at\/internationalblog\/wp-json\/wp\/v2\/countries?post=3329"},{"taxonomy":"Designs","embeddable":true,"href":"https:\/\/mdw.ac.at\/internationalblog\/wp-json\/wp\/v2\/Designs?post=3329"}],"curies":[{"name":"wp","href":"https:\/\/api.w.org\/{rel}","templated":true}]}}